{"id":1982,"date":"2025-07-16T14:18:29","date_gmt":"2025-07-16T14:18:29","guid":{"rendered":"https:\/\/acb.ch\/?p=1982"},"modified":"2025-11-27T09:33:10","modified_gmt":"2025-11-27T09:33:10","slug":"informations-du-cabinet-2","status":"publish","type":"post","link":"https:\/\/acb.ch\/fr\/informations-du-cabinet-2\/","title":{"rendered":"Informations du cabinet"},"content":{"rendered":"\n<p>Notre cabinet \u00e0 Malleray-B\u00e9vilard sera ferm\u00e9 pour les vacances d&rsquo;\u00e9t\u00e9 du <strong>17.07.2025<\/strong> au <strong>05.08.2025<\/strong>.<\/p>\n\n\n\n<p>Les consultations reprendront \u00e0 partir du <strong>06.08.2025<\/strong> aux horaires habituels.<\/p>\n\n\n\n<p>Nous vous remercions de votre compr\u00e9hension et vous souhaitons un bel \u00e9t\u00e9 !<\/p>\n\n\n\n<p><\/p>\n","protected":false},"excerpt":{"rendered":"<p>Notre cabinet \u00e0 Malleray-B\u00e9vilard sera ferm\u00e9 pour les vacances d&rsquo;\u00e9t\u00e9 du 17.07.2025 au 05.08.2025. Les consultations reprendront \u00e0 partir du 06.08.2025 aux horaires habituels. Nous vous remercions de votre compr\u00e9hension et vous souhaitons un bel \u00e9t\u00e9 !<\/p>\n","protected":false},"author":5,"featured_media":1985,"comment_status":"open","ping_status":"closed","sticky":false,"template":"","format":"standard","meta":{"_acf_changed":false,"footnotes":""},"categories":[4],"tags":[],"class_list":["post-1982","post","type-post","status-publish","format-standard","has-post-thumbnail","hentry","category-actualites"],"acf":[],"_links":{"self":[{"href":"https:\/\/acb.ch\/fr\/wp-json\/wp\/v2\/posts\/1982","targetHints":{"allow":["GET"]}}],"collection":[{"href":"https:\/\/acb.ch\/fr\/wp-json\/wp\/v2\/posts"}],"about":[{"href":"https:\/\/acb.ch\/fr\/wp-json\/wp\/v2\/types\/post"}],"author":[{"embeddable":true,"href":"https:\/\/acb.ch\/fr\/wp-json\/wp\/v2\/users\/5"}],"replies":[{"embeddable":true,"href":"https:\/\/acb.ch\/fr\/wp-json\/wp\/v2\/comments?post=1982"}],"version-history":[{"count":2,"href":"https:\/\/acb.ch\/fr\/wp-json\/wp\/v2\/posts\/1982\/revisions"}],"predecessor-version":[{"id":1987,"href":"https:\/\/acb.ch\/fr\/wp-json\/wp\/v2\/posts\/1982\/revisions\/1987"}],"wp:featuredmedia":[{"embeddable":true,"href":"https:\/\/acb.ch\/fr\/wp-json\/wp\/v2\/media\/1985"}],"wp:attachment":[{"href":"https:\/\/acb.ch\/fr\/wp-json\/wp\/v2\/media?parent=1982"}],"wp:term":[{"taxonomy":"category","embeddable":true,"href":"https:\/\/acb.ch\/fr\/wp-json\/wp\/v2\/categories?post=1982"},{"taxonomy":"post_tag","embeddable":true,"href":"https:\/\/acb.ch\/fr\/wp-json\/wp\/v2\/tags?post=1982"}],"curies":[{"name":"wp","href":"https:\/\/api.w.org\/{rel}","templated":true}]}}