{"id":1991,"date":"2025-08-15T07:22:58","date_gmt":"2025-08-15T07:22:58","guid":{"rendered":"https:\/\/acb.ch\/?p=1991"},"modified":"2026-01-06T12:20:12","modified_gmt":"2026-01-06T12:20:12","slug":"informations-du-cabinet","status":"publish","type":"post","link":"https:\/\/acb.ch\/fr\/informations-du-cabinet\/","title":{"rendered":"Ouverture du cabinet Au C\u0153ur de Bienne sur un nouveau site"},"content":{"rendered":"\n<p>Depuis juin 2025, nous avons repris le cabinet du Dr. Olivier Spycher. Le cabinet est situ\u00e9 \u00e0 la Rue Principale 14, 2735 B\u00e9vilard et fait d\u00e9sormais partie de notre r\u00e9seau de soins cardiologiques. Les horaires d\u2019ouverture du cabinet sont les suivants\u00a0: Du mardi au jeudi, de 08h00 \u00e0 12h00 et de 13h00 \u00e0 17h00. Les consultations cardiologiques sont principalement assur\u00e9es par notre cardiologue exp\u00e9riment\u00e9e, le Dr Denisa Capotescu. Nous sommes heureux de pouvoir poursuivre les soins cardiologiques dans la r\u00e9gion du Jura bernois \u2013 avec engagement et attention personalis\u00e9e.<\/p>\n\n\n\n<figure class=\"wp-block-image size-large\"><img loading=\"lazy\" decoding=\"async\" width=\"1024\" height=\"768\" src=\"https:\/\/acb.ch\/wp-content\/uploads\/2025\/08\/Au-Coeur-de-Bienne-SA-Bevilard-Malleray-Parterre-avec-ascenseur-1024x768.jpg\" alt=\"\" class=\"wp-image-1997\" srcset=\"https:\/\/acb.ch\/wp-content\/uploads\/2025\/08\/Au-Coeur-de-Bienne-SA-Bevilard-Malleray-Parterre-avec-ascenseur-1024x768.jpg 1024w, https:\/\/acb.ch\/wp-content\/uploads\/2025\/08\/Au-Coeur-de-Bienne-SA-Bevilard-Malleray-Parterre-avec-ascenseur-300x225.jpg 300w, https:\/\/acb.ch\/wp-content\/uploads\/2025\/08\/Au-Coeur-de-Bienne-SA-Bevilard-Malleray-Parterre-avec-ascenseur-768x576.jpg 768w, https:\/\/acb.ch\/wp-content\/uploads\/2025\/08\/Au-Coeur-de-Bienne-SA-Bevilard-Malleray-Parterre-avec-ascenseur-1536x1152.jpg 1536w, https:\/\/acb.ch\/wp-content\/uploads\/2025\/08\/Au-Coeur-de-Bienne-SA-Bevilard-Malleray-Parterre-avec-ascenseur-scaled.jpg 2048w, https:\/\/acb.ch\/wp-content\/uploads\/2025\/08\/Au-Coeur-de-Bienne-SA-Bevilard-Malleray-Parterre-avec-ascenseur-500x375.jpg 500w\" sizes=\"auto, (max-width: 1024px) 100vw, 1024px\" \/><\/figure>\n","protected":false},"excerpt":{"rendered":"<p>Depuis juin 2025, nous avons repris le cabinet du Dr. Olivier Spycher. Le cabinet est situ\u00e9 \u00e0 la Rue Principale 14, 2735 B\u00e9vilard et fait d\u00e9sormais partie de notre r\u00e9seau de soins cardiologiques. Les horaires d\u2019ouverture du cabinet sont les suivants\u00a0: Du mardi au jeudi, de 08h00 \u00e0 12h00 et de 13h00 \u00e0 17h00. Les [&hellip;]<\/p>\n","protected":false},"author":5,"featured_media":1993,"comment_status":"open","ping_status":"closed","sticky":false,"template":"","format":"standard","meta":{"_acf_changed":false,"footnotes":""},"categories":[4],"tags":[],"class_list":["post-1991","post","type-post","status-publish","format-standard","has-post-thumbnail","hentry","category-actualites"],"acf":[],"_links":{"self":[{"href":"https:\/\/acb.ch\/fr\/wp-json\/wp\/v2\/posts\/1991","targetHints":{"allow":["GET"]}}],"collection":[{"href":"https:\/\/acb.ch\/fr\/wp-json\/wp\/v2\/posts"}],"about":[{"href":"https:\/\/acb.ch\/fr\/wp-json\/wp\/v2\/types\/post"}],"author":[{"embeddable":true,"href":"https:\/\/acb.ch\/fr\/wp-json\/wp\/v2\/users\/5"}],"replies":[{"embeddable":true,"href":"https:\/\/acb.ch\/fr\/wp-json\/wp\/v2\/comments?post=1991"}],"version-history":[{"count":4,"href":"https:\/\/acb.ch\/fr\/wp-json\/wp\/v2\/posts\/1991\/revisions"}],"predecessor-version":[{"id":2102,"href":"https:\/\/acb.ch\/fr\/wp-json\/wp\/v2\/posts\/1991\/revisions\/2102"}],"wp:featuredmedia":[{"embeddable":true,"href":"https:\/\/acb.ch\/fr\/wp-json\/wp\/v2\/media\/1993"}],"wp:attachment":[{"href":"https:\/\/acb.ch\/fr\/wp-json\/wp\/v2\/media?parent=1991"}],"wp:term":[{"taxonomy":"category","embeddable":true,"href":"https:\/\/acb.ch\/fr\/wp-json\/wp\/v2\/categories?post=1991"},{"taxonomy":"post_tag","embeddable":true,"href":"https:\/\/acb.ch\/fr\/wp-json\/wp\/v2\/tags?post=1991"}],"curies":[{"name":"wp","href":"https:\/\/api.w.org\/{rel}","templated":true}]}}